{"id":2875,"date":"2016-04-12T13:18:40","date_gmt":"2016-04-12T12:18:40","guid":{"rendered":"http:\/\/www.charvat-cts.cz\/de\/veletrh-itat-2016-v-mnichove\/"},"modified":"2016-05-31T12:06:34","modified_gmt":"2016-05-31T11:06:34","slug":"einladung-zur-messe-ifat-2016","status":"publish","type":"post","link":"https:\/\/www.charvat-cts.cz\/de\/einladung-zur-messe-ifat-2016\/","title":{"rendered":"Einladung zur Messe IFAT 2016"},"content":{"rendered":"<p>Sehr geehrte Damen und Herren,<\/p>\n<p>vom 30. Mai &#8211; 3.Juni 2016 findet die IFAT 2016 in M\u00fcnchen statt.<\/p>\n<p>Hierzu laden wir Sie gerne ein und freuen uns, Sie an unserem Messestand pers\u00f6nlich begr\u00fc\u00dfen zu d\u00fcrfen.<\/p>\n<p>Unseren Messestand finden Sie am Freigel\u00e4nde FM, Standnummer: 714\/5.<\/p>\n<p>Wir freuen uns auf Sie!<\/p>\n<p>Team CHARVAT CTS a.s.<\/p>\n<p>CHARVAT CTS a. s.<br \/>\nOkrinek 53<br \/>\n290 01 Podebrady<br \/>\nTschechische Republik<\/p>\n<p>Tel: +420 325 608 111<br \/>\nFax: +420 325 653 097<br \/>\nMob: +420 605 296 175<br \/>\nWeb: <a href=\"http:\/\/www.charvat-cts.cz\">www.charvat-cts.cz<br \/>\n<\/a>E-Mail: <a href=\"mailto:sales@charvat-cts.cz\">sales@charvat-cts.cz<\/a><\/p>\n<p><img loading=\"lazy\" decoding=\"async\" class=\"alignnone size-medium wp-image-2871\" src=\"http:\/\/www.charvat-cts.cz\/wp-content\/uploads\/IFATresources_HGwhite_rgb-300x186.jpg\" alt=\"IFAT+resources_HGwhite_rgb\" width=\"300\" height=\"186\" srcset=\"https:\/\/www.charvat-cts.cz\/wp-content\/uploads\/IFATresources_HGwhite_rgb-300x186.jpg 300w, https:\/\/www.charvat-cts.cz\/wp-content\/uploads\/IFATresources_HGwhite_rgb-1024x635.jpg 1024w, https:\/\/www.charvat-cts.cz\/wp-content\/uploads\/IFATresources_HGwhite_rgb-380x236.jpg 380w, https:\/\/www.charvat-cts.cz\/wp-content\/uploads\/IFATresources_HGwhite_rgb.jpg 1370w\" sizes=\"auto, (max-width: 300px) 100vw, 300px\" \/><\/p>\n\n\t\t<div id='gallery-1' class='gallery galleryid-2875 gallery-columns-3 gallery-size-thumbnail'><dl class='gallery-item'>\n        <dt class='gallery-icon'>\n            <a href='https:\/\/www.charvat-cts.cz\/veletrh-itat-2016-v-mnichove\/sdr\/' class=\"lightbox-gallery\"><img loading=\"lazy\" decoding=\"async\" width=\"150\" height=\"150\" src=\"https:\/\/www.charvat-cts.cz\/wp-content\/uploads\/IMG_20160531_110403-150x150.jpg\" class=\"attachment-thumbnail size-thumbnail\" alt=\"\" srcset=\"https:\/\/www.charvat-cts.cz\/wp-content\/uploads\/IMG_20160531_110403-150x150.jpg 150w, https:\/\/www.charvat-cts.cz\/wp-content\/uploads\/IMG_20160531_110403-420x420.jpg 420w\" sizes=\"auto, (max-width: 150px) 100vw, 150px\" \/><\/a>\n        <\/dt><\/dl><dl class='gallery-item'>\n        <dt class='gallery-icon'>\n            <a href='https:\/\/www.charvat-cts.cz\/veletrh-itat-2016-v-mnichove\/dav\/' class=\"lightbox-gallery\"><img loading=\"lazy\" decoding=\"async\" width=\"150\" height=\"150\" src=\"https:\/\/www.charvat-cts.cz\/wp-content\/uploads\/IMG_20160531_110442-150x150.jpg\" class=\"attachment-thumbnail size-thumbnail\" alt=\"\" srcset=\"https:\/\/www.charvat-cts.cz\/wp-content\/uploads\/IMG_20160531_110442-150x150.jpg 150w, https:\/\/www.charvat-cts.cz\/wp-content\/uploads\/IMG_20160531_110442-420x420.jpg 420w\" sizes=\"auto, (max-width: 150px) 100vw, 150px\" \/><\/a>\n        <\/dt><\/dl><dl class='gallery-item'>\n        <dt class='gallery-icon'>\n            <a href='https:\/\/www.charvat-cts.cz\/veletrh-itat-2016-v-mnichove\/dav-2\/' class=\"lightbox-gallery\"><img loading=\"lazy\" decoding=\"async\" width=\"150\" height=\"150\" src=\"https:\/\/www.charvat-cts.cz\/wp-content\/uploads\/IMG_20160531_111255-150x150.jpg\" class=\"attachment-thumbnail size-thumbnail\" alt=\"\" srcset=\"https:\/\/www.charvat-cts.cz\/wp-content\/uploads\/IMG_20160531_111255-150x150.jpg 150w, https:\/\/www.charvat-cts.cz\/wp-content\/uploads\/IMG_20160531_111255-420x420.jpg 420w\" sizes=\"auto, (max-width: 150px) 100vw, 150px\" \/><\/a>\n        <\/dt><\/dl><br style=\"clear: both\" \/>\n        <br style='clear: both;' \/>\n    <\/div>\n\n","protected":false},"excerpt":{"rendered":"<p>Sehr geehrte Damen und Herren, vom 30. Mai &#8211; 3.Juni 2016 findet die IFAT 2016 in M\u00fcnchen statt. Hierzu laden wir Sie gerne ein und freuen uns, Sie an unserem Messestand pers\u00f6nlich begr\u00fc\u00dfen zu d\u00fcrfen. Unseren Messestand finden Sie am Freigel\u00e4nde FM, Standnummer: 714\/5. Wir freuen uns auf Sie! Team CHARVAT CTS a.s. CHARVAT CTS [&hellip;]<\/p>\n","protected":false},"author":1,"featured_media":0,"comment_status":"closed","ping_status":"closed","sticky":false,"template":"","format":"standard","meta":{"_acf_changed":false,"footnotes":""},"categories":[432],"tags":[],"class_list":["post-2875","post","type-post","status-publish","format-standard","hentry","category-nezarazene-de"],"acf":[],"yoast_head":"<!-- This site is optimized with the Yoast SEO plugin v27.5 - https:\/\/yoast.com\/product\/yoast-seo-wordpress\/ -->\n<title>Einladung zur Messe IFAT 2016 - CHARV\u00c1T CTS a.s.<\/title>\n<meta name=\"robots\" content=\"index, follow, max-snippet:-1, max-image-preview:large, max-video-preview:-1\" \/>\n<link rel=\"canonical\" href=\"https:\/\/www.charvat-cts.cz\/de\/einladung-zur-messe-ifat-2016\/\" \/>\n<meta property=\"og:locale\" content=\"de_DE\" \/>\n<meta property=\"og:type\" content=\"article\" \/>\n<meta property=\"og:title\" content=\"Einladung zur Messe IFAT 2016 - CHARV\u00c1T CTS a.s.\" \/>\n<meta property=\"og:description\" content=\"Sehr geehrte Damen und Herren, vom 30. Mai &#8211; 3.Juni 2016 findet die IFAT 2016 in M\u00fcnchen statt. Hierzu laden wir Sie gerne ein und freuen uns, Sie an unserem Messestand pers\u00f6nlich begr\u00fc\u00dfen zu d\u00fcrfen. Unseren Messestand finden Sie am Freigel\u00e4nde FM, Standnummer: 714\/5. Wir freuen uns auf Sie! Team CHARVAT CTS a.s. CHARVAT CTS [&hellip;]\" \/>\n<meta property=\"og:url\" content=\"https:\/\/www.charvat-cts.cz\/de\/einladung-zur-messe-ifat-2016\/\" \/>\n<meta property=\"og:site_name\" content=\"CHARV\u00c1T CTS a.s.\" \/>\n<meta property=\"article:published_time\" content=\"2016-04-12T12:18:40+00:00\" \/>\n<meta property=\"article:modified_time\" content=\"2016-05-31T11:06:34+00:00\" \/>\n<meta property=\"og:image\" content=\"https:\/\/www.charvat-cts.cz\/wp-content\/uploads\/IMG_20160531_110403-150x150.jpg\" \/>\n<meta name=\"author\" content=\"V\u00e1clav Bro\u017eek\" \/>\n<meta name=\"twitter:card\" content=\"summary_large_image\" \/>\n<meta name=\"twitter:label1\" content=\"Verfasst von\" \/>\n\t<meta name=\"twitter:data1\" content=\"V\u00e1clav Bro\u017eek\" \/>\n<script type=\"application\/ld+json\" class=\"yoast-schema-graph\">{\"@context\":\"https:\\\/\\\/schema.org\",\"@graph\":[{\"@type\":\"Article\",\"@id\":\"https:\\\/\\\/www.charvat-cts.cz\\\/de\\\/einladung-zur-messe-ifat-2016\\\/#article\",\"isPartOf\":{\"@id\":\"https:\\\/\\\/www.charvat-cts.cz\\\/de\\\/einladung-zur-messe-ifat-2016\\\/\"},\"author\":{\"name\":\"V\u00e1clav Bro\u017eek\",\"@id\":\"https:\\\/\\\/www.charvat-cts.cz\\\/#\\\/schema\\\/person\\\/a1c91f33f2cad96c7dc82abc0237d2f3\"},\"headline\":\"Einladung zur Messe IFAT 2016\",\"datePublished\":\"2016-04-12T12:18:40+00:00\",\"dateModified\":\"2016-05-31T11:06:34+00:00\",\"mainEntityOfPage\":{\"@id\":\"https:\\\/\\\/www.charvat-cts.cz\\\/de\\\/einladung-zur-messe-ifat-2016\\\/\"},\"wordCount\":80,\"image\":{\"@id\":\"https:\\\/\\\/www.charvat-cts.cz\\\/de\\\/einladung-zur-messe-ifat-2016\\\/#primaryimage\"},\"thumbnailUrl\":\"http:\\\/\\\/www.charvat-cts.cz\\\/wp-content\\\/uploads\\\/IFATresources_HGwhite_rgb-300x186.jpg\",\"articleSection\":[\"Neza\u0159azen\u00e9 @de\"],\"inLanguage\":\"de\"},{\"@type\":\"WebPage\",\"@id\":\"https:\\\/\\\/www.charvat-cts.cz\\\/de\\\/einladung-zur-messe-ifat-2016\\\/\",\"url\":\"https:\\\/\\\/www.charvat-cts.cz\\\/de\\\/einladung-zur-messe-ifat-2016\\\/\",\"name\":\"Einladung zur Messe IFAT 2016 - CHARV\u00c1T CTS a.s.\",\"isPartOf\":{\"@id\":\"https:\\\/\\\/www.charvat-cts.cz\\\/#website\"},\"primaryImageOfPage\":{\"@id\":\"https:\\\/\\\/www.charvat-cts.cz\\\/de\\\/einladung-zur-messe-ifat-2016\\\/#primaryimage\"},\"image\":{\"@id\":\"https:\\\/\\\/www.charvat-cts.cz\\\/de\\\/einladung-zur-messe-ifat-2016\\\/#primaryimage\"},\"thumbnailUrl\":\"http:\\\/\\\/www.charvat-cts.cz\\\/wp-content\\\/uploads\\\/IFATresources_HGwhite_rgb-300x186.jpg\",\"datePublished\":\"2016-04-12T12:18:40+00:00\",\"dateModified\":\"2016-05-31T11:06:34+00:00\",\"author\":{\"@id\":\"https:\\\/\\\/www.charvat-cts.cz\\\/#\\\/schema\\\/person\\\/a1c91f33f2cad96c7dc82abc0237d2f3\"},\"breadcrumb\":{\"@id\":\"https:\\\/\\\/www.charvat-cts.cz\\\/de\\\/einladung-zur-messe-ifat-2016\\\/#breadcrumb\"},\"inLanguage\":\"de\",\"potentialAction\":[{\"@type\":\"ReadAction\",\"target\":[\"https:\\\/\\\/www.charvat-cts.cz\\\/de\\\/einladung-zur-messe-ifat-2016\\\/\"]}]},{\"@type\":\"ImageObject\",\"inLanguage\":\"de\",\"@id\":\"https:\\\/\\\/www.charvat-cts.cz\\\/de\\\/einladung-zur-messe-ifat-2016\\\/#primaryimage\",\"url\":\"http:\\\/\\\/www.charvat-cts.cz\\\/wp-content\\\/uploads\\\/IFATresources_HGwhite_rgb-300x186.jpg\",\"contentUrl\":\"http:\\\/\\\/www.charvat-cts.cz\\\/wp-content\\\/uploads\\\/IFATresources_HGwhite_rgb-300x186.jpg\"},{\"@type\":\"BreadcrumbList\",\"@id\":\"https:\\\/\\\/www.charvat-cts.cz\\\/de\\\/einladung-zur-messe-ifat-2016\\\/#breadcrumb\",\"itemListElement\":[{\"@type\":\"ListItem\",\"position\":1,\"name\":\"\u00davod\",\"item\":\"https:\\\/\\\/www.charvat-cts.cz\\\/de\\\/\"},{\"@type\":\"ListItem\",\"position\":2,\"name\":\"Einladung zur Messe IFAT 2016\"}]},{\"@type\":\"WebSite\",\"@id\":\"https:\\\/\\\/www.charvat-cts.cz\\\/#website\",\"url\":\"https:\\\/\\\/www.charvat-cts.cz\\\/\",\"name\":\"CHARV\u00c1T CTS a.s.\",\"description\":\"Nosi\u010de kontejner\u016f, traktorov\u00e9 n\u00e1v\u011bsy, kontejnery, nakl\u00e1dac\u00ed je\u0159\u00e1by\",\"potentialAction\":[{\"@type\":\"SearchAction\",\"target\":{\"@type\":\"EntryPoint\",\"urlTemplate\":\"https:\\\/\\\/www.charvat-cts.cz\\\/?s={search_term_string}\"},\"query-input\":{\"@type\":\"PropertyValueSpecification\",\"valueRequired\":true,\"valueName\":\"search_term_string\"}}],\"inLanguage\":\"de\"},{\"@type\":\"Person\",\"@id\":\"https:\\\/\\\/www.charvat-cts.cz\\\/#\\\/schema\\\/person\\\/a1c91f33f2cad96c7dc82abc0237d2f3\",\"name\":\"V\u00e1clav Bro\u017eek\",\"image\":{\"@type\":\"ImageObject\",\"inLanguage\":\"de\",\"@id\":\"https:\\\/\\\/secure.gravatar.com\\\/avatar\\\/c41ed02708a38473c8344d99627a8a5323cd37c05c7260ae7f038f6bb6eb0592?s=96&d=mm&r=g\",\"url\":\"https:\\\/\\\/secure.gravatar.com\\\/avatar\\\/c41ed02708a38473c8344d99627a8a5323cd37c05c7260ae7f038f6bb6eb0592?s=96&d=mm&r=g\",\"contentUrl\":\"https:\\\/\\\/secure.gravatar.com\\\/avatar\\\/c41ed02708a38473c8344d99627a8a5323cd37c05c7260ae7f038f6bb6eb0592?s=96&d=mm&r=g\",\"caption\":\"V\u00e1clav Bro\u017eek\"}}]}<\/script>\n<!-- \/ Yoast SEO plugin. -->","yoast_head_json":{"title":"Einladung zur Messe IFAT 2016 - CHARV\u00c1T CTS a.s.","robots":{"index":"index","follow":"follow","max-snippet":"max-snippet:-1","max-image-preview":"max-image-preview:large","max-video-preview":"max-video-preview:-1"},"canonical":"https:\/\/www.charvat-cts.cz\/de\/einladung-zur-messe-ifat-2016\/","og_locale":"de_DE","og_type":"article","og_title":"Einladung zur Messe IFAT 2016 - CHARV\u00c1T CTS a.s.","og_description":"Sehr geehrte Damen und Herren, vom 30. Mai &#8211; 3.Juni 2016 findet die IFAT 2016 in M\u00fcnchen statt. Hierzu laden wir Sie gerne ein und freuen uns, Sie an unserem Messestand pers\u00f6nlich begr\u00fc\u00dfen zu d\u00fcrfen. Unseren Messestand finden Sie am Freigel\u00e4nde FM, Standnummer: 714\/5. Wir freuen uns auf Sie! Team CHARVAT CTS a.s. CHARVAT CTS [&hellip;]","og_url":"https:\/\/www.charvat-cts.cz\/de\/einladung-zur-messe-ifat-2016\/","og_site_name":"CHARV\u00c1T CTS a.s.","article_published_time":"2016-04-12T12:18:40+00:00","article_modified_time":"2016-05-31T11:06:34+00:00","og_image":[{"url":"https:\/\/www.charvat-cts.cz\/wp-content\/uploads\/IMG_20160531_110403-150x150.jpg","type":"","width":"","height":""}],"author":"V\u00e1clav Bro\u017eek","twitter_card":"summary_large_image","twitter_misc":{"Verfasst von":"V\u00e1clav Bro\u017eek"},"schema":{"@context":"https:\/\/schema.org","@graph":[{"@type":"Article","@id":"https:\/\/www.charvat-cts.cz\/de\/einladung-zur-messe-ifat-2016\/#article","isPartOf":{"@id":"https:\/\/www.charvat-cts.cz\/de\/einladung-zur-messe-ifat-2016\/"},"author":{"name":"V\u00e1clav Bro\u017eek","@id":"https:\/\/www.charvat-cts.cz\/#\/schema\/person\/a1c91f33f2cad96c7dc82abc0237d2f3"},"headline":"Einladung zur Messe IFAT 2016","datePublished":"2016-04-12T12:18:40+00:00","dateModified":"2016-05-31T11:06:34+00:00","mainEntityOfPage":{"@id":"https:\/\/www.charvat-cts.cz\/de\/einladung-zur-messe-ifat-2016\/"},"wordCount":80,"image":{"@id":"https:\/\/www.charvat-cts.cz\/de\/einladung-zur-messe-ifat-2016\/#primaryimage"},"thumbnailUrl":"http:\/\/www.charvat-cts.cz\/wp-content\/uploads\/IFATresources_HGwhite_rgb-300x186.jpg","articleSection":["Neza\u0159azen\u00e9 @de"],"inLanguage":"de"},{"@type":"WebPage","@id":"https:\/\/www.charvat-cts.cz\/de\/einladung-zur-messe-ifat-2016\/","url":"https:\/\/www.charvat-cts.cz\/de\/einladung-zur-messe-ifat-2016\/","name":"Einladung zur Messe IFAT 2016 - CHARV\u00c1T CTS a.s.","isPartOf":{"@id":"https:\/\/www.charvat-cts.cz\/#website"},"primaryImageOfPage":{"@id":"https:\/\/www.charvat-cts.cz\/de\/einladung-zur-messe-ifat-2016\/#primaryimage"},"image":{"@id":"https:\/\/www.charvat-cts.cz\/de\/einladung-zur-messe-ifat-2016\/#primaryimage"},"thumbnailUrl":"http:\/\/www.charvat-cts.cz\/wp-content\/uploads\/IFATresources_HGwhite_rgb-300x186.jpg","datePublished":"2016-04-12T12:18:40+00:00","dateModified":"2016-05-31T11:06:34+00:00","author":{"@id":"https:\/\/www.charvat-cts.cz\/#\/schema\/person\/a1c91f33f2cad96c7dc82abc0237d2f3"},"breadcrumb":{"@id":"https:\/\/www.charvat-cts.cz\/de\/einladung-zur-messe-ifat-2016\/#breadcrumb"},"inLanguage":"de","potentialAction":[{"@type":"ReadAction","target":["https:\/\/www.charvat-cts.cz\/de\/einladung-zur-messe-ifat-2016\/"]}]},{"@type":"ImageObject","inLanguage":"de","@id":"https:\/\/www.charvat-cts.cz\/de\/einladung-zur-messe-ifat-2016\/#primaryimage","url":"http:\/\/www.charvat-cts.cz\/wp-content\/uploads\/IFATresources_HGwhite_rgb-300x186.jpg","contentUrl":"http:\/\/www.charvat-cts.cz\/wp-content\/uploads\/IFATresources_HGwhite_rgb-300x186.jpg"},{"@type":"BreadcrumbList","@id":"https:\/\/www.charvat-cts.cz\/de\/einladung-zur-messe-ifat-2016\/#breadcrumb","itemListElement":[{"@type":"ListItem","position":1,"name":"\u00davod","item":"https:\/\/www.charvat-cts.cz\/de\/"},{"@type":"ListItem","position":2,"name":"Einladung zur Messe IFAT 2016"}]},{"@type":"WebSite","@id":"https:\/\/www.charvat-cts.cz\/#website","url":"https:\/\/www.charvat-cts.cz\/","name":"CHARV\u00c1T CTS a.s.","description":"Nosi\u010de kontejner\u016f, traktorov\u00e9 n\u00e1v\u011bsy, kontejnery, nakl\u00e1dac\u00ed je\u0159\u00e1by","potentialAction":[{"@type":"SearchAction","target":{"@type":"EntryPoint","urlTemplate":"https:\/\/www.charvat-cts.cz\/?s={search_term_string}"},"query-input":{"@type":"PropertyValueSpecification","valueRequired":true,"valueName":"search_term_string"}}],"inLanguage":"de"},{"@type":"Person","@id":"https:\/\/www.charvat-cts.cz\/#\/schema\/person\/a1c91f33f2cad96c7dc82abc0237d2f3","name":"V\u00e1clav Bro\u017eek","image":{"@type":"ImageObject","inLanguage":"de","@id":"https:\/\/secure.gravatar.com\/avatar\/c41ed02708a38473c8344d99627a8a5323cd37c05c7260ae7f038f6bb6eb0592?s=96&d=mm&r=g","url":"https:\/\/secure.gravatar.com\/avatar\/c41ed02708a38473c8344d99627a8a5323cd37c05c7260ae7f038f6bb6eb0592?s=96&d=mm&r=g","contentUrl":"https:\/\/secure.gravatar.com\/avatar\/c41ed02708a38473c8344d99627a8a5323cd37c05c7260ae7f038f6bb6eb0592?s=96&d=mm&r=g","caption":"V\u00e1clav Bro\u017eek"}}]}},"_links":{"self":[{"href":"https:\/\/www.charvat-cts.cz\/de\/wp-json\/wp\/v2\/posts\/2875","targetHints":{"allow":["GET"]}}],"collection":[{"href":"https:\/\/www.charvat-cts.cz\/de\/wp-json\/wp\/v2\/posts"}],"about":[{"href":"https:\/\/www.charvat-cts.cz\/de\/wp-json\/wp\/v2\/types\/post"}],"author":[{"embeddable":true,"href":"https:\/\/www.charvat-cts.cz\/de\/wp-json\/wp\/v2\/users\/1"}],"replies":[{"embeddable":true,"href":"https:\/\/www.charvat-cts.cz\/de\/wp-json\/wp\/v2\/comments?post=2875"}],"version-history":[{"count":2,"href":"https:\/\/www.charvat-cts.cz\/de\/wp-json\/wp\/v2\/posts\/2875\/revisions"}],"predecessor-version":[{"id":3335,"href":"https:\/\/www.charvat-cts.cz\/de\/wp-json\/wp\/v2\/posts\/2875\/revisions\/3335"}],"wp:attachment":[{"href":"https:\/\/www.charvat-cts.cz\/de\/wp-json\/wp\/v2\/media?parent=2875"}],"wp:term":[{"taxonomy":"category","embeddable":true,"href":"https:\/\/www.charvat-cts.cz\/de\/wp-json\/wp\/v2\/categories?post=2875"},{"taxonomy":"post_tag","embeddable":true,"href":"https:\/\/www.charvat-cts.cz\/de\/wp-json\/wp\/v2\/tags?post=2875"}],"curies":[{"name":"wp","href":"https:\/\/api.w.org\/{rel}","templated":true}]}}